{"id":1991,"date":"2022-06-21T22:51:49","date_gmt":"2022-06-21T20:51:49","guid":{"rendered":"https:\/\/www.gresduvent.fr\/site\/?p=1991"},"modified":"2025-06-27T19:28:30","modified_gmt":"2025-06-27T17:28:30","slug":"inscription-a-lannee-animations-hebdomadaires","status":"publish","type":"post","link":"https:\/\/www.gresduvent.fr\/site\/2022\/06\/21\/inscription-a-lannee-animations-hebdomadaires\/","title":{"rendered":"Inscription \u00e0 l\u2019ann\u00e9e, animations hebdomadaires"},"content":{"rendered":"<h1 style=\"text-align: center;\">Les inscriptions pour l\u2019ann\u00e9e 2025\/2026 :<\/h1>\n<h2 dir=\"auto\" style=\"padding-left: 40px; text-align: center;\" data-originalfontsize=\"17px\" data-originalcomputedfontsize=\"17\"><strong>Poterie :<\/strong><\/h2>\n<p dir=\"auto\" data-originalfontsize=\"17px\" data-originalcomputedfontsize=\"17\">*3 cr\u00e9neaux \u00a0Adultes : mercredi ou jeudi de 19h \u00e0 20h30 ou jeudi de 14h \u00e0 15h30. (3 ch\u00e8ques d\u2019inscription de 160\u20ac qui seront d\u00e9bit\u00e9s chaque trimestre)<\/p>\n<p dir=\"auto\" data-originalfontsize=\"17px\" data-originalcomputedfontsize=\"17\">*1 cr\u00e9neau \u00a0Enfants : mercredi 11h-12h15 (160\u20ac\/trim)<\/p>\n<p dir=\"auto\" data-originalfontsize=\"17px\" data-originalcomputedfontsize=\"17\">*1 cr\u00e9neau Ados : jeudi 17h15-18h30 (160\u20ac \/trim)<\/p>\n<p dir=\"auto\" data-originalfontsize=\"17px\" data-originalcomputedfontsize=\"17\">Plus de renseignements dans la rubrique animations- inscription \u00e0 l\u2019ann\u00e9e.<\/p>\n<h2 dir=\"auto\" style=\"text-align: center;\" data-originalfontsize=\"17px\" data-originalcomputedfontsize=\"17\"><strong>Th\u00e9\u00e2tre Ados, L\u00c9Z\u2019ARTS\u00a0<\/strong><\/h2>\n<p>Former une troupe qui pr\u00e9sentera une pi\u00e8ce en fin d\u2019ann\u00e9e.<\/p>\n<p>2 week-ends \u00e0 l\u2019Alpe du Grand Serre ( un en d\u00e9but d\u2019ann\u00e9e \u00a0, un \u00e0 la fin), et un mercredi par quinzaine pour 2h de travail sc\u00e9nique -r\u00e9p\u00e9tition-cr\u00e9ation dans la salle des f\u00eates de Cognet. (160\u20ac\/trimestre)<\/p>\n","protected":false},"excerpt":{"rendered":"<p>Les inscriptions pour l\u2019ann\u00e9e 2025\/2026 : Poterie : *3 cr\u00e9neaux \u00a0Adultes : mercredi ou jeudi de 19h \u00e0 20h30 ou jeudi de 14h \u00e0 15h30. (3 ch\u00e8ques d\u2019inscription de 160\u20ac qui seront d\u00e9bit\u00e9s chaque trimestre) *1 cr\u00e9neau \u00a0Enfants : mercredi [&hellip;]<\/p>\n","protected":false},"author":2,"featured_media":1793,"comment_status":"closed","ping_status":"closed","sticky":false,"template":"","format":"standard","meta":{"footnotes":""},"categories":[1],"tags":[],"class_list":["post-1991","post","type-post","status-publish","format-standard","has-post-thumbnail","hentry","category-non-classe","clearfix"],"_links":{"self":[{"href":"https:\/\/www.gresduvent.fr\/site\/wp-json\/wp\/v2\/posts\/1991","targetHints":{"allow":["GET"]}}],"collection":[{"href":"https:\/\/www.gresduvent.fr\/site\/wp-json\/wp\/v2\/posts"}],"about":[{"href":"https:\/\/www.gresduvent.fr\/site\/wp-json\/wp\/v2\/types\/post"}],"author":[{"embeddable":true,"href":"https:\/\/www.gresduvent.fr\/site\/wp-json\/wp\/v2\/users\/2"}],"replies":[{"embeddable":true,"href":"https:\/\/www.gresduvent.fr\/site\/wp-json\/wp\/v2\/comments?post=1991"}],"version-history":[{"count":8,"href":"https:\/\/www.gresduvent.fr\/site\/wp-json\/wp\/v2\/posts\/1991\/revisions"}],"predecessor-version":[{"id":2710,"href":"https:\/\/www.gresduvent.fr\/site\/wp-json\/wp\/v2\/posts\/1991\/revisions\/2710"}],"wp:featuredmedia":[{"embeddable":true,"href":"https:\/\/www.gresduvent.fr\/site\/wp-json\/wp\/v2\/media\/1793"}],"wp:attachment":[{"href":"https:\/\/www.gresduvent.fr\/site\/wp-json\/wp\/v2\/media?parent=1991"}],"wp:term":[{"taxonomy":"category","embeddable":true,"href":"https:\/\/www.gresduvent.fr\/site\/wp-json\/wp\/v2\/categories?post=1991"},{"taxonomy":"post_tag","embeddable":true,"href":"https:\/\/www.gresduvent.fr\/site\/wp-json\/wp\/v2\/tags?post=1991"}],"curies":[{"name":"wp","href":"https:\/\/api.w.org\/{rel}","templated":true}]}}